{"id":39135,"__str__":"Parecer de Reda\u00e7\u00e3o - 2.\u00aa CCJR de 07/02/2023 por Comiss\u00e3o de Constitui\u00e7\u00e3o, Justi\u00e7a e Reda\u00e7\u00e3o","metadata":{},"nome":"2.\u00aa CCJR","data":"2023-02-07","autor":"Comiss\u00e3o de Constitui\u00e7\u00e3o, Justi\u00e7a e Reda\u00e7\u00e3o","ementa":"INSTITUI o Dia Municipal da Sensibiliza\u00e7\u00e3o \u00e0 Causa das Crian\u00e7as Cardiopatas e d\u00e1 outras provid\u00eancias","indexacao":"","arquivo":"http://sapl.cmm.am.gov.br/media/sapl/public/documentoacessorio/2021/39135/parecer_de_redacao_do_pl_608_2021.pdf","data_ultima_atualizacao":"2023-02-07T11:11:42.932742-04:00","materia":12895,"tipo":11}