{"id":3902,"__str__":"Of\u00edcio - Divis\u00e3o de Controle e Edi\u00e7\u00e3o de Leis de 05/10/2020 por Divis\u00e3o de Controle e Edi\u00e7\u00e3o de Leis","metadata":{},"nome":"Divis\u00e3o de Controle e Edi\u00e7\u00e3o de Leis","data":"2020-10-05","autor":"Divis\u00e3o de Controle e Edi\u00e7\u00e3o de Leis","ementa":"INSTITUI, no Calend\u00e1rio Oficial da Cidade de Manaus, o Dia de Conscientiza\u00e7\u00e3o e Combate \u00e0 Polui\u00e7\u00e3o nos Igarap\u00e9s e d\u00e1 outras provid\u00eancias.","indexacao":"","arquivo":"http://sapl.cmm.am.gov.br/media/sapl/public/documentoacessorio/2019/3902/of._n._115.2020_-_sancao_-_pl_n._329.2019_-_ver._fransua_-_print.pdf","data_ultima_atualizacao":"2020-10-05T08:57:23.615544-04:00","materia":1373,"tipo":12}