{"id":3817,"__str__":"Parecer de Reda\u00e7\u00e3o - 2.\u00aa CCJR de 01/10/2020 por Comiss\u00e3o de Constitui\u00e7\u00e3o, Justi\u00e7a e Reda\u00e7\u00e3o","metadata":{},"nome":"2.\u00aa CCJR","data":"2020-10-01","autor":"Comiss\u00e3o de Constitui\u00e7\u00e3o, Justi\u00e7a e Reda\u00e7\u00e3o","ementa":"DISCIPLINA a Pol\u00edtica de Prote\u00e7\u00e3o \u00e0 Sa\u00fade Bucal da Pessoa com Transtorno do Espectro do Autismo na cidade de Manaus e d\u00e1 outras provid\u00eancias.","indexacao":"","arquivo":"http://sapl.cmm.am.gov.br/media/sapl/public/documentoacessorio/2017/3817/parecer_de_redacao_do_pl_269.2017_-_assinado.pdf","data_ultima_atualizacao":"2020-10-01T09:06:43.053221-04:00","materia":2209,"tipo":11}