{"id":36608,"__str__":"Parecer da Procuradoria Legislativa - Procuradoria Legislativa de 29/11/2022 por Procuradoria Legislativa - Proc-Leg","metadata":{},"nome":"Procuradoria Legislativa","data":"2022-11-29","autor":"Procuradoria Legislativa - Proc-Leg","ementa":"PROJETO DE LEI QUE INSTITUI A SEMANA \r\nMUNICIPAL DE EDUCA\u00c7\u00c3O MIDI\u00c1TICA.\r\nART. 30, INCISO I, DA CF/88. ART. 8, INCISO \r\nI, DA LOMAN. LEGALIDADE","indexacao":"","arquivo":"http://sapl.cmm.am.gov.br/media/sapl/public/documentoacessorio/2022/36608/pl_305_institui_a_semana_de_.pdf","data_ultima_atualizacao":"2022-11-29T10:40:22.738852-04:00","materia":32580,"tipo":2}