{"id":34701,"__str__":"Parecer da Procuradoria Legislativa - Procuradoria Legislativa de 25/10/2022 por Procuradoria Legislativa - Proc-Leg","metadata":{},"nome":"Procuradoria Legislativa","data":"2022-10-25","autor":"Procuradoria Legislativa - Proc-Leg","ementa":"PROJETO DE LEI. MAT\u00c9RIA LOCAL. ART. 30, INCISO I, DA CF/88 E ART. 8, INCISO I, DA LOMAN. INSTITUI NO CALEND\u00c1RIO OFICIAL DA CIDADE DE MANAUS O DIA DO T\u00c9CNICO EM RADIOLOGIA. LEGALIDADE.","indexacao":"","arquivo":"http://sapl.cmm.am.gov.br/media/sapl/public/documentoacessorio/2022/34701/pl_339_-_22_dia_do_tecnico_em_radiologia.pdf","data_ultima_atualizacao":"2022-10-25T10:05:28.327367-04:00","materia":35959,"tipo":2}