{"id":3361,"__str__":"Parecer da Comiss\u00e3o - 2\u00ba CCJR de 27/10/2020 por FRED MOTA","metadata":{},"nome":"2\u00ba CCJR","data":"2020-10-27","autor":"FRED MOTA","ementa":"\u2022\tParecer como membro / relator da CCJR referente ao Projeto de Lei n. 23/2020 \u2013 Vereador Diego Afonso, \u201cASSEGURA \u00e0s pessoas com defici\u00eancia o atendimento, bem como, a devida acessibilidade em centros de sa\u00fade, no \u00e2mbito do munic\u00edpio de Manaus.","indexacao":"","arquivo":"http://sapl.cmm.am.gov.br/media/sapl/public/documentoacessorio/2020/3361/parecer_ccjr_pl_023_2020.pdf","data_ultima_atualizacao":"2020-10-27T18:22:06.682974-04:00","materia":443,"tipo":9}