{"id":31173,"__str__":"Parecer da Comiss\u00e3o - 4\u00aa COMED de 23/08/2022 por RAIFF MATOS","metadata":{},"nome":"4\u00aa COMED","data":"2022-08-23","autor":"RAIFF MATOS","ementa":"Parecer ao Projeto de Lei n\u00ba 171/2021 de autoria do\r\nVereador Fransu\u00e1, que DISP\u00d5E sobre a promo\u00e7\u00e3o do\r\nServi\u00e7o de Estimula\u00e7\u00e3o Precoce para crian\u00e7as com\r\nnecessidades educacionais especiais no Munic\u00edpio de\r\nManaus, e d\u00e1 outras provid\u00eancias.","indexacao":"","arquivo":"http://sapl.cmm.am.gov.br/media/sapl/public/documentoacessorio/2021/31173/projeto_de_lei_-_171_2021.pdf","data_ultima_atualizacao":"2022-08-23T11:44:20.770271-04:00","materia":5815,"tipo":9}