{"id":3104,"__str__":"Parecer da Comiss\u00e3o - Reuni\u00e3o Extraordin\u00e1ria de 17/09/2020 por Ver\u00aa. Prof\u00aa. Jacqueline","metadata":{},"nome":"Reuni\u00e3o Extraordin\u00e1ria","data":"2020-09-17","autor":"Ver\u00aa. Prof\u00aa. Jacqueline","ementa":"","indexacao":"","arquivo":"http://sapl.cmm.am.gov.br/media/sapl/public/documentoacessorio/2020/3104/parecer_ao_pl._n._059.2020_-_assinado.pdf","data_ultima_atualizacao":"2020-09-17T16:52:57.244474-04:00","materia":598,"tipo":9}