{"id":3095,"__str__":"Parecer de Reda\u00e7\u00e3o - 2.\u00aa CCJR de 17/09/2020 por Comiss\u00e3o de Constitui\u00e7\u00e3o, Justi\u00e7a e Reda\u00e7\u00e3o","metadata":{},"nome":"2.\u00aa CCJR","data":"2020-09-17","autor":"Comiss\u00e3o de Constitui\u00e7\u00e3o, Justi\u00e7a e Reda\u00e7\u00e3o","ementa":"DISP\u00d5E sobre o reconhecimento e denomina\u00e7\u00e3o da antiga Sede da C\u00e2mara Municipal de Manaus, s\u00edmbolo do Centro Hist\u00f3rico de Manaus, para \u201cMIQU\u00c9IAS MATIAS FERNANDES\u201d.","indexacao":"","arquivo":"http://sapl.cmm.am.gov.br/media/sapl/public/documentoacessorio/2020/3095/parecer_de_redacao_do_pl_195.2020_-_assinado.pdf","data_ultima_atualizacao":"2020-09-17T10:58:35.562286-04:00","materia":1101,"tipo":11}