{"id":30886,"__str__":"Emenda - Emenda de 10/08/2022 por AMOM MANDEL","metadata":{},"nome":"Emenda","data":"2022-08-10","autor":"AMOM MANDEL","ementa":"EMENDA MODIFICATIVA N. _____ /2022 AO PROJETO DE LEI N. 425/2021, de\r\nautoria do Vereador Amom Mandel, que disp\u00f5e sobre o direito \u00e0 acessibilidade das\r\npessoas ostomizadas aos banheiros de uso p\u00fablico do munic\u00edpio de Manaus,\r\nmediante a instala\u00e7\u00e3o de equipamentos adequados para sua utiliza\u00e7\u00e3o.","indexacao":"","arquivo":"http://sapl.cmm.am.gov.br/media/sapl/public/documentoacessorio/2021/30886/emenda_ao_pl_425_2021_1.pdf","data_ultima_atualizacao":"2022-08-10T11:11:50.114700-04:00","materia":9583,"tipo":13}