{"id":30529,"__str__":"Parecer de Reda\u00e7\u00e3o - 2.\u00aa CCJR de 05/08/2022 por Comiss\u00e3o de Constitui\u00e7\u00e3o, Justi\u00e7a e Reda\u00e7\u00e3o","metadata":{},"nome":"2.\u00aa CCJR","data":"2022-08-05","autor":"Comiss\u00e3o de Constitui\u00e7\u00e3o, Justi\u00e7a e Reda\u00e7\u00e3o","ementa":"INSTITUI, nas escolas da rede municipal de ensino de Manaus, a Semana de Promo\u00e7\u00e3o da Autodefesa de Crian\u00e7as contra a Vitimiza\u00e7\u00e3o Sexua","indexacao":"","arquivo":"http://sapl.cmm.am.gov.br/media/sapl/public/documentoacessorio/2021/30529/parecer_de_redacao_do_pl_264.2021.pdf","data_ultima_atualizacao":"2022-08-05T13:20:50.436069-04:00","materia":7159,"tipo":11}