{"id":30521,"__str__":"Protocolo da PMM - DIL de 05/08/2022 por Divis\u00e3o de Leis","metadata":{},"nome":"DIL","data":"2022-08-05","autor":"Divis\u00e3o de Leis","ementa":"INSTITUI a Semana de Divulga\u00e7\u00e3o e Valoriza\u00e7\u00e3o do Estatuto da Crian\u00e7a e do Adolescente (ECA) no munic\u00edpio de Manaus.","indexacao":"","arquivo":"http://sapl.cmm.am.gov.br/media/sapl/public/documentoacessorio/2021/30521/pl_n._351_2021_-_ver.a_gloria_carratte.pdf","data_ultima_atualizacao":"2022-08-05T13:01:44.137460-04:00","materia":8251,"tipo":27}