{"id":30434,"__str__":"Parecer da Comiss\u00e3o - 2\u00aa CCJR de 17/08/2022 por PROF.\u00aa JACQUELINE","metadata":{},"nome":"2\u00aa CCJR","data":"2022-08-17","autor":"PROF.\u00aa JACQUELINE","ementa":"Parecer ao Projeto de Lei n\u00ba 593/2021, de autoria do Vereador Peixoto que \u201c\u201cInstitui, no \u00e2mbito do Munic\u00edpio de Manaus, o Dia de conscientiza\u00e7\u00e3o e combate ao Cyberbullying, a ser realizado anualmente no dia 03 de agosto; e d\u00e1 outras provid\u00eancias\u201d.","indexacao":"","arquivo":"http://sapl.cmm.am.gov.br/media/sapl/public/documentoacessorio/2021/30434/parecer_pl_593.21_-_fav_assinado.pdf","data_ultima_atualizacao":"2022-08-17T13:08:38.603926-04:00","materia":12832,"tipo":9}