{"id":30105,"__str__":"Parecer de Reda\u00e7\u00e3o - 2.\u00aa CCJR de 01/08/2022 por Comiss\u00e3o de Constitui\u00e7\u00e3o, Justi\u00e7a e Reda\u00e7\u00e3o","metadata":{},"nome":"2.\u00aa CCJR","data":"2022-08-01","autor":"Comiss\u00e3o de Constitui\u00e7\u00e3o, Justi\u00e7a e Reda\u00e7\u00e3o","ementa":"ALTERA a Lei n. 2.898, de 9 de junho de 2022, que disp\u00f5e sobre os Servi\u00e7os de Transporte P\u00fablico Coletivo de Passageiros no munic\u00edpio de Manaus","indexacao":"","arquivo":"http://sapl.cmm.am.gov.br/media/sapl/public/documentoacessorio/2022/30105/parecer_de_redacao_do_pl_254_2022_mens_055.pdf","data_ultima_atualizacao":"2022-08-01T10:19:14.332874-04:00","materia":29910,"tipo":11}