{"id":30092,"__str__":"Parecer de Reda\u00e7\u00e3o - 2.\u00aa CCJR de 01/08/2022 por Comiss\u00e3o de Constitui\u00e7\u00e3o, Justi\u00e7a e Reda\u00e7\u00e3o","metadata":{},"nome":"2.\u00aa CCJR","data":"2022-08-01","autor":"Comiss\u00e3o de Constitui\u00e7\u00e3o, Justi\u00e7a e Reda\u00e7\u00e3o","ementa":"ESTABELECE que os pr\u00e9dios p\u00fablicos do munic\u00edpio sejam iluminados com a cor laranja durante o m\u00eas de maio, em alus\u00e3o \u00e0 Campanha de Enfrentamento do Abuso e da Explora\u00e7\u00e3o Sexual de Crian\u00e7as e Adolescentes.","indexacao":"","arquivo":"http://sapl.cmm.am.gov.br/media/sapl/public/documentoacessorio/2021/30092/parecer_de_redacao_pl_315_2021.pdf","data_ultima_atualizacao":"2022-08-01T10:05:36.939452-04:00","materia":7705,"tipo":11}