{"id":3002,"__str__":"Parecer da Comiss\u00e3o - 2\u00aa CCJR de 28/10/2020 por PROF.\u00aa JACQUELINE","metadata":{},"nome":"2\u00aa CCJR","data":"2020-10-28","autor":"PROF.\u00aa JACQUELINE","ementa":"Projeto de Lei n\u00ba 078/2020, de autoria do Vereador Professor Gede\u00e3o Amorim, que \u201cFICA institu\u00eddo no Calend\u00e1rio Oficial a Semana Municipal de combate, conscientiza\u00e7\u00e3o e preven\u00e7\u00e3o ao transtorno de ansiedade generalizada provocados no ambiente escolar.\u201d","indexacao":"","arquivo":"http://sapl.cmm.am.gov.br/media/sapl/public/documentoacessorio/2020/3002/parecer_ccjr_pl_078_2020.pdf","data_ultima_atualizacao":"2020-10-27T17:02:29.593889-04:00","materia":643,"tipo":9}