{"id":29832,"__str__":"Parecer do (a) Relator (a) - Parecer do (a) Relator (a) de 26/07/2022 por DR. EDUARDO ASSIS","metadata":{},"nome":"Parecer do (a) Relator (a)","data":"2022-07-26","autor":"DR. EDUARDO ASSIS","ementa":"PROJETO DE LEI: N\u00b0 223/2022 - de iniciativa do Vereador Dione Carvalho, que \u201cDISP\u00d5E sobre a coloca\u00e7\u00e3o de placas de identifica\u00e7\u00e3o dos bairros na cidade de Manaus\u201d.","indexacao":"","arquivo":"http://sapl.cmm.am.gov.br/media/sapl/public/documentoacessorio/2022/29832/parecer_pl_223_2022_ver_dione_carvalho.pdf","data_ultima_atualizacao":"2022-07-26T11:25:22.914765-04:00","materia":29220,"tipo":1}