{"id":29041,"__str__":"Emenda - Emenda de 05/07/2022 por THAYSA LIPPY","metadata":{},"nome":"Emenda","data":"2022-07-05","autor":"THAYSA LIPPY","ementa":"EMENDA 01 AO PROJETO DE LEI N. 618/2021, de autoria do vereador Willian Alem\u00e3o, que DISP\u00d5E sobre a institui\u00e7\u00e3o do \u201cPrograma de Sa\u00fade Bucal nas Escolas\u201d da Rede P\u00fablica Municipal de Ensino de Manaus e d\u00e1 outras provid\u00eancias.","indexacao":"","arquivo":"http://sapl.cmm.am.gov.br/media/sapl/public/documentoacessorio/2021/29041/emenda_618-2021-_willian_alemao_1.pdf","data_ultima_atualizacao":"2022-07-12T12:46:32.379977-04:00","materia":12964,"tipo":13}