{"id":2804,"__str__":"Parecer de Reda\u00e7\u00e3o - 2.\u00aa CCJR de 08/09/2020 por Comiss\u00e3o de Constitui\u00e7\u00e3o, Justi\u00e7a e Reda\u00e7\u00e3o","metadata":{},"nome":"2.\u00aa CCJR","data":"2020-09-08","autor":"Comiss\u00e3o de Constitui\u00e7\u00e3o, Justi\u00e7a e Reda\u00e7\u00e3o","ementa":"INCLUI, na estrutura b\u00e1sica da Educa\u00e7\u00e3o do Munic\u00edpio, a Creche Municipal Professora Maristela Martins Rebou\u00e7as.","indexacao":"","arquivo":"http://sapl.cmm.am.gov.br/media/sapl/public/documentoacessorio/2020/2804/parecer_de_redacao_do_pl_229.2020_-_assinado.pdf","data_ultima_atualizacao":"2020-09-08T05:06:37.410965-04:00","materia":1529,"tipo":11}