{"id":27817,"__str__":"Emenda - Emenda 01 de 01/07/2022 por AMOM MANDEL","metadata":{},"nome":"Emenda 01","data":"2022-07-01","autor":"AMOM MANDEL","ementa":"ALTERA a reda\u00e7\u00e3o do par\u00e1grafo \u00fanico do art. 7\u00ba do Projeto de Lei n\u00ba 171/2021, de autoria do Vereador Fransu\u00e1, que disp\u00f5e sobre a promo\u00e7\u00e3o do Servi\u00e7o de Estimula\u00e7\u00e3o Precoce para crian\u00e7as com necessidades educacionais especiais no Munic\u00edpio de Manaus, e d\u00e1 outras provid\u00eancias.","indexacao":"","arquivo":"http://sapl.cmm.am.gov.br/media/sapl/public/documentoacessorio/2021/27817/emenda_ao_pl_121.21..pdf","data_ultima_atualizacao":"2022-07-04T09:28:03.685934-04:00","materia":5815,"tipo":13}