{"id":2720,"__str__":"Emenda - Emenda de 30/04/2020 por WILLIAM ABREU","metadata":{},"nome":"Emenda","data":"2020-04-30","autor":"WILLIAM ABREU","ementa":"PROPOSTA DE EMENDA MODIFICATIVA e ADITIVA N.\u00ba ____/2020 AO PROJETO DE LEI N.\u00ba 121/2020, que \u201cDISP\u00d5E sobre o aux\u00edlio especial devido aos dependentes dos profissionais da \u00e1rea da sa\u00fade ou das atividades auxiliares essenciais no enfrentamento \u00e0 pandemia de coronav\u00edrus (COVID-19) no \u00e2mbito da Administra\u00e7\u00e3o P\u00fablica Municipal de Manaus, durante a vig\u00eancia do Decreto n.\u00ba 4.787, de 23 de mar\u00e7o de 2020\u201d.","indexacao":"","arquivo":"http://sapl.cmm.am.gov.br/media/sapl/public/documentoacessorio/2020/2720/emenda_pl_auxilio_especial_oficial.docx","data_ultima_atualizacao":"2020-09-02T10:36:43.158495-04:00","materia":770,"tipo":13}