{"id":27182,"__str__":"Parecer de Vista - Plen\u00e1rio - Parecer de Vista - Plen\u00e1rio de 24/05/2022 por AMOM MANDEL","metadata":{},"nome":"Parecer de Vista - Plen\u00e1rio","data":"2022-05-24","autor":"AMOM MANDEL","ementa":"Parecer de Vista ao Projeto de Lei 384/2021, de autoria do Ver. Fransu\u00e1, que DISP\u00d5E sobre o fornecimento de alimenta\u00e7\u00e3o especial para alunos com restri\u00e7\u00f5es alimentares no Munic\u00edpio de Manaus, e d\u00e1 outras provid\u00eancias.","indexacao":"","arquivo":"http://sapl.cmm.am.gov.br/media/sapl/public/documentoacessorio/2021/27182/7_parecer_de_vista_do_pl_384_2021.docx_1.pdf","data_ultima_atualizacao":"2022-06-27T13:11:50.342705-04:00","materia":8715,"tipo":5}