{"id":27175,"__str__":"Parecer da Comiss\u00e3o - COMDCAI de 27/06/2022 por Vereador Jo\u00e3o Carlos","metadata":{},"nome":"COMDCAI","data":"2022-06-27","autor":"Vereador Jo\u00e3o Carlos","ementa":"","indexacao":"","arquivo":"http://sapl.cmm.am.gov.br/media/sapl/public/documentoacessorio/2021/27175/parecerpl264.pdf","data_ultima_atualizacao":"2022-06-27T12:00:53.249156-04:00","materia":7159,"tipo":9}