{"id":27105,"__str__":"Parecer de Reda\u00e7\u00e3o - 2.\u00aa CCJR de 21/06/2022 por Comiss\u00e3o de Constitui\u00e7\u00e3o, Justi\u00e7a e Reda\u00e7\u00e3o","metadata":{},"nome":"2.\u00aa CCJR","data":"2022-06-21","autor":"Comiss\u00e3o de Constitui\u00e7\u00e3o, Justi\u00e7a e Reda\u00e7\u00e3o","ementa":"DISP\u00d5E sobre a inclus\u00e3o, no Calend\u00e1rio Oficial da Cidade de Manaus, do m\u00eas Junho Verde.","indexacao":"","arquivo":"http://sapl.cmm.am.gov.br/media/sapl/public/documentoacessorio/2022/27105/parecer_de_redacao_do_pl_211_2022_mens_034.pdf","data_ultima_atualizacao":"2022-06-21T11:08:02.347965-04:00","materia":29041,"tipo":11}