{"id":26778,"__str__":"Parecer de Reda\u00e7\u00e3o - 2.\u00aa CCJR de 14/06/2022 por Comiss\u00e3o de Constitui\u00e7\u00e3o, Justi\u00e7a e Reda\u00e7\u00e3o","metadata":{},"nome":"2.\u00aa CCJR","data":"2022-06-14","autor":"Comiss\u00e3o de Constitui\u00e7\u00e3o, Justi\u00e7a e Reda\u00e7\u00e3o","ementa":"CONSIDERA de Utilidade P\u00fablica a Associa\u00e7\u00e3o Educacional, Esportiva e Social Voz Ativa (AEESVA).","indexacao":"","arquivo":"http://sapl.cmm.am.gov.br/media/sapl/public/documentoacessorio/2021/26778/parecer_de_redacao_do_pl_483.2021.pdf","data_ultima_atualizacao":"2022-06-14T11:49:46.757551-04:00","materia":10656,"tipo":11}