{"id":26098,"__str__":"Parecer da Comiss\u00e3o - 4\u00aa COMED de 07/06/2022 por PROF. SAMUEL","metadata":{},"nome":"4\u00aa COMED","data":"2022-06-07","autor":"PROF. SAMUEL","ementa":"PROJETO LEI N. 272/2017, de autoria do VEREADOR MARCEL ALEXANDRE - PMDB, que INSTITUI no Calend\u00e1rio Oficial do munic\u00edpio, a semana de acompanhamento psicol\u00f3gico e terap\u00eautico \u00e0s crian\u00e7as e adolescentes das escolas p\u00fablicas e comunidades pr\u00f3ximas e d\u00e1 outras provid\u00eancias.","indexacao":"","arquivo":"http://sapl.cmm.am.gov.br/media/sapl/public/documentoacessorio/2017/26098/parecer_ao_pl_n._272-17_assinado.pdf","data_ultima_atualizacao":"2022-06-07T12:07:19.399181-04:00","materia":974,"tipo":9}