{"id":2576,"__str__":"Parecer da Procuradoria Legislativa - Procuradoria Legislativa de 26/08/2020 por Eduardo Ter\u00e7o Falc\u00e3o","metadata":{},"nome":"Procuradoria Legislativa","data":"2020-08-26","autor":"Eduardo Ter\u00e7o Falc\u00e3o","ementa":"","indexacao":"","arquivo":"http://sapl.cmm.am.gov.br/media/sapl/public/documentoacessorio/2020/2576/parecer_procuradoria_pl_270_2020.pdf","data_ultima_atualizacao":"2020-08-26T06:00:20.529247-04:00","materia":2413,"tipo":2}