{"id":25068,"__str__":"Parecer de Reda\u00e7\u00e3o - 2.\u00aa CCJR de 30/05/2022 por Comiss\u00e3o de Constitui\u00e7\u00e3o, Justi\u00e7a e Reda\u00e7\u00e3o","metadata":{},"nome":"2.\u00aa CCJR","data":"2022-05-30","autor":"Comiss\u00e3o de Constitui\u00e7\u00e3o, Justi\u00e7a e Reda\u00e7\u00e3o","ementa":"INCLUI, na estrutura b\u00e1sica da Educa\u00e7\u00e3o do Munic\u00edpio, a Creche Municipal Magn\u00f3lia Pessoa Figueiredo e d\u00e1 outras provid\u00eancias","indexacao":"","arquivo":"http://sapl.cmm.am.gov.br/media/sapl/public/documentoacessorio/2021/25068/parecer_de_redacao_do_pl_460.2021.pdf","data_ultima_atualizacao":"2022-05-30T09:58:32.317829-04:00","materia":10130,"tipo":11}