{"id":2430,"__str__":"Parecer de Reda\u00e7\u00e3o - 2.\u00aa CCJR de 11/08/2020 por Comiss\u00e3o de Constitui\u00e7\u00e3o, Justi\u00e7a e Reda\u00e7\u00e3o","metadata":{},"nome":"2.\u00aa CCJR","data":"2020-08-11","autor":"Comiss\u00e3o de Constitui\u00e7\u00e3o, Justi\u00e7a e Reda\u00e7\u00e3o","ementa":"INSTITUI o Dia Municipal de Enfrentamento \u00e0 Viol\u00eancia Obst\u00e9trica e d\u00e1 outras provid\u00eancias.","indexacao":"","arquivo":"http://sapl.cmm.am.gov.br/media/sapl/public/documentoacessorio/2020/2430/parecer_de_redacao_do_pl_n._133_2020_-_assinado.pdf","data_ultima_atualizacao":"2020-08-11T06:35:22.357535-04:00","materia":828,"tipo":11}