{"id":241,"__str__":"Parecer da Procuradoria Legislativa - Procuradoria Jur\u00eddica de 17/03/2020 por Procuradoria Jur\u00eddica","metadata":{},"nome":"Procuradoria Jur\u00eddica","data":"2020-03-17","autor":"Procuradoria Jur\u00eddica","ementa":"Disp\u00f5e sobre a Pol\u00edtica Municipal de Incentivo \u00e0 gera\u00e7\u00e3o de energia solar fotovoltaica.","indexacao":"Pol\u00edtica Municipal de Incentivo\r\ngera\u00e7\u00e3o de energia solar","arquivo":"http://sapl.cmm.am.gov.br/media/sapl/public/documentoacessorio/2019/241/pl_253_2019_-_parecer_procuradoria.pdf","data_ultima_atualizacao":"2020-03-17T07:04:27.923572-04:00","materia":505,"tipo":2}