{"id":2369,"__str__":"Parecer de Reda\u00e7\u00e3o - 2.\u00aa CCJR de 29/07/2020 por Comiss\u00e3o de Constitui\u00e7\u00e3o, Justi\u00e7a e Reda\u00e7\u00e3o","metadata":{},"nome":"2.\u00aa CCJR","data":"2020-07-29","autor":"Comiss\u00e3o de Constitui\u00e7\u00e3o, Justi\u00e7a e Reda\u00e7\u00e3o","ementa":"INSTITUI o Dia Municipal dos Ostomizados e d\u00e1 outras provid\u00eancias.","indexacao":"","arquivo":"http://sapl.cmm.am.gov.br/media/sapl/public/documentoacessorio/2019/2369/parecer_de_redacao_do_pl_n._378_2019_-_assinado.pdf","data_ultima_atualizacao":"2020-07-29T10:00:10.347677-04:00","materia":500,"tipo":11}