{"id":23029,"__str__":"Emenda - Emenda 01 de 25/04/2022 por RODRIGO GUEDES","metadata":{},"nome":"Emenda 01","data":"2022-04-25","autor":"RODRIGO GUEDES","ementa":"EMENDA n\u00ba ____ AO PROJETO DE LEI N\u00ba 241/2021, de autoria do vereador Rodrigo Guedes, que \u201cDISP\u00d5E sobre a concess\u00e3o do benef\u00edcio da tarifa social aos consumidores residenciais e comerciais da concession\u00e1ria de servi\u00e7o p\u00fablico de abastecimento e \u00e1gua, coleta e tratamento e esgoto sanit\u00e1rio, no \u00e2mbito do munic\u00edpio de Manas, enquanto perdurar situa\u00e7\u00e3o anormal, caracterizada como emergencial, em raz\u00e3o da enchente do Rio Negro e afluentes, e d\u00e1 outras provid\u00eancias.\u201d","indexacao":"","arquivo":"http://sapl.cmm.am.gov.br/media/sapl/public/documentoacessorio/2021/23029/emenda_gab_vrg_-_cmm_-_pl_241.2021_-_enchente_rio_negro_-_tarifa_social.pdf","data_ultima_atualizacao":"2022-04-27T09:32:42.768747-04:00","materia":6861,"tipo":13}