{"id":230,"__str__":"Parecer da Procuradoria Legislativa - Procuradoria Legislativa de 24/07/2019 por Eduardo Ter\u00e7o Fal\u00e7\u00e3o","metadata":{},"nome":"Procuradoria Legislativa","data":"2019-07-24","autor":"Eduardo Ter\u00e7o Fal\u00e7\u00e3o","ementa":"","indexacao":"","arquivo":"http://sapl.cmm.am.gov.br/media/sapl/public/documentoacessorio/2019/230/parecer_proc_pl_152_2019.pdf","data_ultima_atualizacao":"2020-07-20T05:20:30.200116-04:00","materia":492,"tipo":2}