{"id":2288,"__str__":"Parecer do (a) Relator (a) - Comiss\u00e3o de Constitui\u00e7\u00e3o, Justi\u00e7a e Reda\u00e7\u00e3o de 27/07/2020 por Fed Mota","metadata":{},"nome":"Comiss\u00e3o de Constitui\u00e7\u00e3o, Justi\u00e7a e Reda\u00e7\u00e3o","data":"2020-07-27","autor":"Fed Mota","ementa":"","indexacao":"","arquivo":"http://sapl.cmm.am.gov.br/media/sapl/public/documentoacessorio/2019/2288/parecer_ccjr_pl_223_2019.pdf","data_ultima_atualizacao":"2020-07-27T10:53:37.941235-04:00","materia":460,"tipo":1}