{"id":2278,"__str__":"Anexo - Divis\u00e3o de Controle e Edi\u00e7\u00e3o de Leis de 27/07/2020 por Di\u00e1rio Oficial do Munic\u00edpio (DOM)","metadata":{},"nome":"Divis\u00e3o de Controle e Edi\u00e7\u00e3o de Leis","data":"2020-07-27","autor":"Di\u00e1rio Oficial do Munic\u00edpio (DOM)","ementa":"INSTITUI o Dia Municipal de Combate e Enfrentamento do Novo Coronav\u00edrus (Covid-19) e d\u00e1 outras provid\u00eancias.","indexacao":"","arquivo":"http://sapl.cmm.am.gov.br/media/sapl/public/documentoacessorio/2020/2278/lei_n._2611_de_4_de_junho_de_2020.pdf","data_ultima_atualizacao":"2020-07-27T09:41:04.734109-04:00","materia":650,"tipo":10}