{"id":21588,"__str__":"Parecer de Reda\u00e7\u00e3o - 2.\u00aa CCJR de 29/03/2022 por Comiss\u00e3o de Constitui\u00e7\u00e3o, Justi\u00e7a e Reda\u00e7\u00e3o","metadata":{},"nome":"2.\u00aa CCJR","data":"2022-03-29","autor":"Comiss\u00e3o de Constitui\u00e7\u00e3o, Justi\u00e7a e Reda\u00e7\u00e3o","ementa":"INSTITUI, no Calend\u00e1rio Oficial da Cidade de Manaus, o Dia do Obreiro, a ser celebrado anualmente no primeiro domingo de julho, e d\u00e1 outras provid\u00eancias.","indexacao":"","arquivo":"http://sapl.cmm.am.gov.br/media/sapl/public/documentoacessorio/2021/21588/parecer_de_redacao_do_pl_210.2021.pdf","data_ultima_atualizacao":"2022-03-29T11:32:59.375713-04:00","materia":6491,"tipo":11}