{"id":21160,"__str__":"Parecer da Procuradoria Legislativa - Procuradoria Legislativa de 23/03/2022 por Procuradoria Legislativa - Proc-Leg","metadata":{},"nome":"Procuradoria Legislativa","data":"2022-03-23","autor":"Procuradoria Legislativa - Proc-Leg","ementa":"PROJETO DE LEI QUE DISP\u00d5E SOBRE O APOIO E A INSER\u00c7\u00c3O \u00c0S PESSOAS PORTADORAS DE DEFICI\u00caNCIA AUDIOVISUAL EM EVENTOS ESPORTIVOS E CULTURAIS OFICIAIS DA CIDADE DE MANAUS \u2013 MAT\u00c9RIA DE INICIATIVA N\u00c3O RESERVADA AO EXECUTIVO \u2013 REGULAR TRAMITA\u00c7\u00c3O (ARTS. 22, I, A E 58, LOMAN).","indexacao":"","arquivo":"http://sapl.cmm.am.gov.br/media/sapl/public/documentoacessorio/2021/21160/pl_545-2021-saude_e_assistencia.pdf","data_ultima_atualizacao":"2022-03-23T09:49:08.499978-04:00","materia":11819,"tipo":2}