{"id":1992,"__str__":"Parecer da Procuradoria Legislativa - Procuradoria Legislativa de 20/07/2020 por Eduardo Ter\u00e7o Fal\u00e7\u00e3o","metadata":{},"nome":"Procuradoria Legislativa","data":"2020-07-20","autor":"Eduardo Ter\u00e7o Fal\u00e7\u00e3o","ementa":"","indexacao":"","arquivo":"http://sapl.cmm.am.gov.br/media/sapl/public/documentoacessorio/2019/1992/parecer_procuradoria__pl_406_2019.pdf","data_ultima_atualizacao":"2020-07-20T08:05:37.875030-04:00","materia":506,"tipo":2}