{"id":19785,"__str__":"Parecer de Reda\u00e7\u00e3o - 2.\u00aa CCJR de 24/02/2022 por Comiss\u00e3o de Constitui\u00e7\u00e3o, Justi\u00e7a e Reda\u00e7\u00e3o","metadata":{},"nome":"2.\u00aa CCJR","data":"2022-02-24","autor":"Comiss\u00e3o de Constitui\u00e7\u00e3o, Justi\u00e7a e Reda\u00e7\u00e3o","ementa":"INSTITUI a Semana Municipal da Conscientiza\u00e7\u00e3o e Preven\u00e7\u00e3o \u00e0 Aliena\u00e7\u00e3o Parental e d\u00e1 outras provid\u00eancias","indexacao":"","arquivo":"http://sapl.cmm.am.gov.br/media/sapl/public/documentoacessorio/2021/19785/parecer_de_redacao_do_pl_080.2021.pdf","data_ultima_atualizacao":"2022-02-24T09:23:48.454900-04:00","materia":4565,"tipo":11}