{"id":19635,"__str__":"Memorando - Retirado de Tramita\u00e7\u00e3o de 22/02/2022 por Ver. Fransu\u00e1","metadata":{},"nome":"Retirado de Tramita\u00e7\u00e3o","data":"2022-02-22","autor":"Ver. Fransu\u00e1","ementa":"","indexacao":"","arquivo":"http://sapl.cmm.am.gov.br/media/sapl/public/documentoacessorio/2021/19635/memorando_retirado_fransua.pdf","data_ultima_atualizacao":"2022-02-22T09:55:56.077953-04:00","materia":11663,"tipo":20}