{"id":19616,"__str__":"Parecer da Comiss\u00e3o - 4a. Comiss\u00e3o - COMED de 21/02/2022 por Vereador Fransu\u00e1","metadata":{},"nome":"4a. Comiss\u00e3o - COMED","data":"2022-02-21","autor":"Vereador Fransu\u00e1","ementa":"","indexacao":"","arquivo":"http://sapl.cmm.am.gov.br/media/sapl/public/documentoacessorio/2022/19616/parecer_ao_pl_n._016-22_-_executivo_-_assinado.pdf","data_ultima_atualizacao":"2022-02-21T14:31:07.020455-04:00","materia":23112,"tipo":9}