{"id":19579,"__str__":"Parecer da Comiss\u00e3o - 2\u00aa CCJR de 01/03/2023 por DR. EDUARDO ASSIS","metadata":{},"nome":"2\u00aa CCJR","data":"2023-03-01","autor":"DR. EDUARDO ASSIS","ementa":"PROJETO DE LEI: N\u00b0 534/2021 - de autoria do Vereador Diego Afonso, que \u201cDisp\u00f5e sobre a destina\u00e7\u00e3o de espa\u00e7o nos parques municipais para a instala\u00e7\u00e3o de frald\u00e1rio\u201d.","indexacao":"","arquivo":"http://sapl.cmm.am.gov.br/media/sapl/public/documentoacessorio/2021/19579/parecer_2a_pl_534_2021.pdf","data_ultima_atualizacao":"2023-03-01T15:43:19.224547-04:00","materia":11691,"tipo":9}