{"id":19578,"__str__":"Parecer da Comiss\u00e3o - 2\u00aa CCJR de 08/03/2023 por DR. EDUARDO ASSIS","metadata":{},"nome":"2\u00aa CCJR","data":"2023-03-08","autor":"DR. EDUARDO ASSIS","ementa":"PROJETO DE LEI: N\u00b0 548/2021 - de iniciativa do vereador Allan Campelo, que \u201cDISP\u00d5E Sobre a Proibi\u00e7\u00e3o de Manuten\u00e7\u00e3o de Servi\u00e7os de TV, Telefone, Internet, Fibra \u00d3tica em Dias \u00dateis das 06h \u00e0s 20h, Salvo Servi\u00e7os de Urg\u00eancia e d\u00e1 Outras Provid\u00eancias\u201d.","indexacao":"","arquivo":"http://sapl.cmm.am.gov.br/media/sapl/public/documentoacessorio/2021/19578/parecer_2a_pl_548_2021.pdf","data_ultima_atualizacao":"2023-03-08T15:45:16.927489-04:00","materia":11831,"tipo":9}