{"id":19571,"__str__":"Parecer do (a) Relator (a) - 4\u00aa COMED de 16/02/2022 por JOELSON SILVA","metadata":{},"nome":"4\u00aa COMED","data":"2022-02-16","autor":"JOELSON SILVA","ementa":"PROJETO DE LEI no 273 /2021 que Institui a Semana \u201cCrian\u00e7as Salvam Vidas\u201dnas escolas p\u00fablicas municipais de Manaus e d\u00e1 outras provid\u00eancias.","indexacao":"","arquivo":"http://sapl.cmm.am.gov.br/media/sapl/public/documentoacessorio/2021/19571/parecer_comissao_de_educacao_comed_pl_273_de_2021.pdf","data_ultima_atualizacao":"2022-02-18T10:03:59.848344-04:00","materia":7171,"tipo":1}