{"id":19532,"__str__":"Parecer do (a) Relator (a) - 2\u00aa CCJR de 14/02/2022 por MARCELO SERAFIM","metadata":{},"nome":"2\u00aa CCJR","data":"2022-02-14","autor":"MARCELO SERAFIM","ementa":"Parecer ao Projeto de Resolu\u00e7\u00e3o n.\u00ba 022/2021, de autoria do Vereador William Alem\u00e3o, que altera a reda\u00e7\u00e3o dos incisos II, III, IV, do art. 128; caput do art. 131; caput do art. 133; par\u00e1grafo 6\u00ba do art. 135 e par\u00e1grafo 1\u00ba do art. 161 da Resolu\u00e7\u00e3o n.\u00ba 92 de 9 de dezembro de 2015 (Regimento Interno da C\u00e2mara Municipal de Manaus) que versam sobre as reuni\u00f5es ordin\u00e1rias, a ordem do dia, a pauta e os requerimentos, e \u00e0 Emenda n.\u00ba 001 ao referido Projeto de Resolu\u00e7\u00e3o, de autoria do vereador Rodrigo Guedes.","indexacao":"","arquivo":"http://sapl.cmm.am.gov.br/media/sapl/public/documentoacessorio/2021/19532/parecer_pr_022-2021_altera_ri_da_cmm.pdf","data_ultima_atualizacao":"2022-02-14T10:13:24.894826-04:00","materia":11811,"tipo":1}