{"id":1933,"__str__":"Of\u00edcio - Divis\u00e3o de Controle e Edi\u00e7\u00e3o de Leis de 14/07/2020 por Divis\u00e3o de Controle e Edi\u00e7\u00e3o de Leis","metadata":{},"nome":"Divis\u00e3o de Controle e Edi\u00e7\u00e3o de Leis","data":"2020-07-14","autor":"Divis\u00e3o de Controle e Edi\u00e7\u00e3o de Leis","ementa":"DISP\u00d5E sobre o uso da telemedicina durante a crise causada pelo coronav\u00edrus (COVID-19) no munic\u00edpio de Manaus.","indexacao":"","arquivo":"http://sapl.cmm.am.gov.br/media/sapl/public/documentoacessorio/2020/1933/of._n._067.2020_-_sancao_-_pl_n._139.2020_-_ver._prof._fransua_-_print.pdf","data_ultima_atualizacao":"2020-07-14T10:18:22.802611-04:00","materia":858,"tipo":12}