{"id":1920,"__str__":"Parecer de Reda\u00e7\u00e3o - 2.\u00aa CCJR de 14/07/2020 por Comiss\u00e3o de Constitui\u00e7\u00e3o, Justi\u00e7a e Reda\u00e7\u00e3o","metadata":{},"nome":"2.\u00aa CCJR","data":"2020-07-14","autor":"Comiss\u00e3o de Constitui\u00e7\u00e3o, Justi\u00e7a e Reda\u00e7\u00e3o","ementa":"INSTITUI, no munic\u00edpio de Manaus, a Campanha Permanente de Preven\u00e7\u00e3o das Doen\u00e7as Ocupacionais dos Profissionais da Educa\u00e7\u00e3o.","indexacao":"","arquivo":"http://sapl.cmm.am.gov.br/media/sapl/public/documentoacessorio/2019/1920/parecer_de_redacao_do_pl_n._137_2020_-_assinado.pdf","data_ultima_atualizacao":"2020-07-14T08:34:01.943711-04:00","materia":942,"tipo":11}