{"id":1916,"__str__":"Parecer da Procuradoria Legislativa - Procuradoria Legislativa de 14/07/2020 por Eduardo Ter\u00e7o Falc\u00e3o","metadata":{},"nome":"Procuradoria Legislativa","data":"2020-07-14","autor":"Eduardo Ter\u00e7o Falc\u00e3o","ementa":"","indexacao":"","arquivo":"http://sapl.cmm.am.gov.br/media/sapl/public/documentoacessorio/2020/1916/parecer_procuradoria_pl__225_2020.pdf","data_ultima_atualizacao":"2020-07-14T05:49:29.196241-04:00","materia":1482,"tipo":2}