{"id":19101,"__str__":"Memorando - Retirado de tramita\u00e7\u00e3o de 02/02/2022 por Ver. Fransu\u00e1","metadata":{},"nome":"Retirado de tramita\u00e7\u00e3o","data":"2022-02-02","autor":"Ver. Fransu\u00e1","ementa":"","indexacao":"","arquivo":"http://sapl.cmm.am.gov.br/media/sapl/public/documentoacessorio/2021/19101/memo_retirado_fransua_pl_416_21pdf.pdf","data_ultima_atualizacao":"2022-02-02T12:00:27.365486-04:00","materia":9239,"tipo":20}