{"id":1598,"__str__":"Parecer de Reda\u00e7\u00e3o - 2.\u00aa CCJR de 22/06/2020 por Comiss\u00e3o de Constitui\u00e7\u00e3o, Justi\u00e7a e Reda\u00e7\u00e3o","metadata":{},"nome":"2.\u00aa CCJR","data":"2020-06-22","autor":"Comiss\u00e3o de Constitui\u00e7\u00e3o, Justi\u00e7a e Reda\u00e7\u00e3o","ementa":"INSTITUI, no Calend\u00e1rio Oficial da Cidade de Manaus, a data comemorativa ao Dia do Trabalhador da Sa\u00fade Municipal, a ser comemorado anualmente no dia 7 de abril.","indexacao":"","arquivo":"http://sapl.cmm.am.gov.br/media/sapl/public/documentoacessorio/2020/1598/parecer_de_redacao_do_pl_113.2020_assinado.pdf","data_ultima_atualizacao":"2020-06-22T07:50:28.517839-04:00","materia":750,"tipo":11}